{"id":29737,"date":"2024-02-06T11:03:12","date_gmt":"2024-02-06T10:03:12","guid":{"rendered":"https:\/\/www.photo911.fr\/farewell-to-generic-image-banks\/"},"modified":"2024-05-22T15:57:20","modified_gmt":"2024-05-22T13:57:20","slug":"farewell-to-generic-image-banks","status":"publish","type":"post","link":"https:\/\/www.photo911.fr\/en\/farewell-to-generic-image-banks\/","title":{"rendered":"Farewell to Generic Image Banks"},"content":{"rendered":"\t\t<div data-elementor-type=\"wp-post\" data-elementor-id=\"29737\" class=\"elementor elementor-29737 elementor-22939\" data-elementor-settings=\"{&quot;element_pack_global_tooltip_width&quot;:{&quot;unit&quot;:&quot;px&quot;,&quot;size&quot;:&quot;&quot;,&quot;sizes&quot;:[]},&quot;element_pack_global_tooltip_width_tablet&quot;:{&quot;unit&quot;:&quot;px&quot;,&quot;size&quot;:&quot;&quot;,&quot;sizes&quot;:[]},&quot;element_pack_global_tooltip_width_mobile&quot;:{&quot;unit&quot;:&quot;px&quot;,&quot;size&quot;:&quot;&quot;,&quot;sizes&quot;:[]},&quot;element_pack_global_tooltip_padding&quot;:{&quot;unit&quot;:&quot;px&quot;,&quot;top&quot;:&quot;&quot;,&quot;right&quot;:&quot;&quot;,&quot;bottom&quot;:&quot;&quot;,&quot;left&quot;:&quot;&quot;,&quot;isLinked&quot;:true},&quot;element_pack_global_tooltip_padding_tablet&quot;:{&quot;unit&quot;:&quot;px&quot;,&quot;top&quot;:&quot;&quot;,&quot;right&quot;:&quot;&quot;,&quot;bottom&quot;:&quot;&quot;,&quot;left&quot;:&quot;&quot;,&quot;isLinked&quot;:true},&quot;element_pack_global_tooltip_padding_mobile&quot;:{&quot;unit&quot;:&quot;px&quot;,&quot;top&quot;:&quot;&quot;,&quot;right&quot;:&quot;&quot;,&quot;bottom&quot;:&quot;&quot;,&quot;left&quot;:&quot;&quot;,&quot;isLinked&quot;:true},&quot;element_pack_global_tooltip_border_radius&quot;:{&quot;unit&quot;:&quot;px&quot;,&quot;top&quot;:&quot;&quot;,&quot;right&quot;:&quot;&quot;,&quot;bottom&quot;:&quot;&quot;,&quot;left&quot;:&quot;&quot;,&quot;isLinked&quot;:true},&quot;element_pack_global_tooltip_border_radius_tablet&quot;:{&quot;unit&quot;:&quot;px&quot;,&quot;top&quot;:&quot;&quot;,&quot;right&quot;:&quot;&quot;,&quot;bottom&quot;:&quot;&quot;,&quot;left&quot;:&quot;&quot;,&quot;isLinked&quot;:true},&quot;element_pack_global_tooltip_border_radius_mobile&quot;:{&quot;unit&quot;:&quot;px&quot;,&quot;top&quot;:&quot;&quot;,&quot;right&quot;:&quot;&quot;,&quot;bottom&quot;:&quot;&quot;,&quot;left&quot;:&quot;&quot;,&quot;isLinked&quot;:true}}\" data-elementor-post-type=\"post\">\n\t\t\t\t\t\t<section class=\"elementor-section elementor-top-section elementor-element elementor-element-78fee270 elementor-section-boxed elementor-section-height-default elementor-section-height-default\" data-id=\"78fee270\" data-element_type=\"section\" data-e-type=\"section\">\n\t\t\t\t\t\t<div class=\"elementor-container elementor-column-gap-default\">\n\t\t\t\t\t<div class=\"elementor-column elementor-col-100 elementor-top-column elementor-element elementor-element-57275426\" data-id=\"57275426\" data-element_type=\"column\" data-e-type=\"column\">\n\t\t\t<div class=\"elementor-widget-wrap elementor-element-populated\">\n\t\t\t\t\t\t<div class=\"elementor-element elementor-element-1f6f104 elementor-widget elementor-widget-text-editor\" data-id=\"1f6f104\" data-element_type=\"widget\" data-e-type=\"widget\" data-widget_type=\"text-editor.default\">\n\t\t\t\t<div class=\"elementor-widget-container\">\n\t\t\t\t\t\t\t\t\t<div class=\"w-[30px] flex flex-col relative items-end\">\n<div class=\"text-xs flex items-center justify-center gap-1 invisible absolute left-0 top-2 -ml-4 -translate-x-full group-hover:visible\">\n<p class=\"p1\">Les jours des banques d&#8217;images g\u00e9n\u00e9riques sont r\u00e9volus, laissant place \u00e0 une \u00e8re d&#8217;authenticit\u00e9 et de singularit\u00e9. Un exemple concret de cette transition est illustr\u00e9 par le travail r\u00e9cent effectu\u00e9 pour le centre commercial des \u00c9l\u00e9is. En partenariat avec Studio 911, une agence de communication et <a href=\"https:\/\/studio911.fr\/\">agence web<\/a> bas\u00e9e \u00e0 Caen, une banque d&#8217;images exclusive a \u00e9t\u00e9 cr\u00e9\u00e9e pour le nouveau site web du centre commercial, apportant une touche personnelle \u00e0 chaque aspect visuel.<\/p>\n<p class=\"p1\">Le nouveau visage du Centre Commercial des \u00c9l\u00e9is :<\/p>\n<p class=\"p1\">Le r\u00e9sultat de cette collaboration audacieuse se manifeste \u00e0 travers un site web dynamique, captivant et surtout, authentique. Contrairement aux clich\u00e9s g\u00e9n\u00e9riques qui inondent souvent la toile, chaque image s\u00e9lectionn\u00e9e pour le site <a href=\"https:\/\/carrefour-les-eleis.fr\/\"><span class=\"s1\">https:\/\/carrefour-les-eleis.fr\/<\/span><\/a> respire la personnalit\u00e9 propre aux \u00c9l\u00e9is. Chaque clic sur le site est une immersion dans l&#8217;atmosph\u00e8re distinctive du centre commercial.<\/p>\n<p class=\"p1\">L&#8217;Impact de l&#8217;authenticit\u00e9 :<\/p>\n<p class=\"p1\">L&#8217;authenticit\u00e9 dans la conception web va bien au-del\u00e0 de la simple esth\u00e9tique. Elle cr\u00e9e une connexion \u00e9motionnelle avec les visiteurs, les invitant \u00e0 explorer davantage et \u00e0 s&#8217;engager plus profond\u00e9ment. Les images authentiques utilis\u00e9es sur le site des \u00c9l\u00e9is transcendent les fronti\u00e8res du virtuel, refl\u00e9tant l&#8217;identit\u00e9 r\u00e9elle du centre commercial et cr\u00e9ant une exp\u00e9rience utilisateur m\u00e9morable.<\/p>\n<p class=\"p1\">La collaboration avec Studio 911 Agence de Communication :<\/p>\n<p class=\"p1\">La transformation du site web des \u00c9l\u00e9is n&#8217;aurait pas \u00e9t\u00e9 possible sans la collaboration experte de Studio 911, une agence de communication et agence web \u00e0 Caen. Leur engagement envers la cr\u00e9ativit\u00e9, la qualit\u00e9 et l&#8217;innovation a permis de cr\u00e9er une banque d&#8217;images exclusive, sur mesure pour les besoins sp\u00e9cifiques du centre commercial.<\/p>\n<\/div>\n<\/div>\n\t\t\t\t\t\t\t\t<\/div>\n\t\t\t\t<\/div>\n\t\t\t\t<div class=\"elementor-element elementor-element-26ba966 elementor-widget elementor-widget-image\" data-id=\"26ba966\" data-element_type=\"widget\" data-e-type=\"widget\" data-widget_type=\"image.default\">\n\t\t\t\t<div class=\"elementor-widget-container\">\n\t\t\t\t\t\t\t\t\t\t\t\t\t\t\t<img fetchpriority=\"high\" decoding=\"async\" width=\"800\" height=\"534\" src=\"https:\/\/www.photo911.fr\/wp-content\/uploads\/2023\/04\/Eleis\u00a9photo911-53-1024x683.jpg\" class=\"attachment-large size-large wp-image-28019\" alt=\"\" srcset=\"https:\/\/www.photo911.fr\/wp-content\/uploads\/2023\/04\/Eleis\u00a9photo911-53-1024x683.jpg 1024w, https:\/\/www.photo911.fr\/wp-content\/uploads\/2023\/04\/Eleis\u00a9photo911-53-300x200.jpg 300w, https:\/\/www.photo911.fr\/wp-content\/uploads\/2023\/04\/Eleis\u00a9photo911-53-768x512.jpg 768w, https:\/\/www.photo911.fr\/wp-content\/uploads\/2023\/04\/Eleis\u00a9photo911-53.jpg 1500w\" sizes=\"(max-width: 800px) 100vw, 800px\" \/>\t\t\t\t\t\t\t\t\t\t\t\t\t\t\t<\/div>\n\t\t\t\t<\/div>\n\t\t\t\t<div class=\"elementor-element elementor-element-5d1af7c elementor-widget elementor-widget-image\" data-id=\"5d1af7c\" data-element_type=\"widget\" data-e-type=\"widget\" data-widget_type=\"image.default\">\n\t\t\t\t<div class=\"elementor-widget-container\">\n\t\t\t\t\t\t\t\t\t\t\t\t\t\t\t<img decoding=\"async\" width=\"800\" height=\"534\" src=\"https:\/\/www.photo911.fr\/wp-content\/uploads\/2023\/04\/Eleis\u00a9photo911-26-1024x683.jpg\" class=\"attachment-large size-large wp-image-27992\" alt=\"\" srcset=\"https:\/\/www.photo911.fr\/wp-content\/uploads\/2023\/04\/Eleis\u00a9photo911-26-1024x683.jpg 1024w, https:\/\/www.photo911.fr\/wp-content\/uploads\/2023\/04\/Eleis\u00a9photo911-26-300x200.jpg 300w, https:\/\/www.photo911.fr\/wp-content\/uploads\/2023\/04\/Eleis\u00a9photo911-26-768x512.jpg 768w, https:\/\/www.photo911.fr\/wp-content\/uploads\/2023\/04\/Eleis\u00a9photo911-26.jpg 1500w\" sizes=\"(max-width: 800px) 100vw, 800px\" \/>\t\t\t\t\t\t\t\t\t\t\t\t\t\t\t<\/div>\n\t\t\t\t<\/div>\n\t\t\t\t<div class=\"elementor-element elementor-element-41ddd86 elementor-widget elementor-widget-image\" data-id=\"41ddd86\" data-element_type=\"widget\" data-e-type=\"widget\" data-widget_type=\"image.default\">\n\t\t\t\t<div class=\"elementor-widget-container\">\n\t\t\t\t\t\t\t\t\t\t\t\t\t\t\t<img decoding=\"async\" width=\"800\" height=\"534\" src=\"https:\/\/www.photo911.fr\/wp-content\/uploads\/2023\/04\/Eleis\u00a9photo911-18-1024x683.jpg\" class=\"attachment-large size-large wp-image-27984\" alt=\"\" srcset=\"https:\/\/www.photo911.fr\/wp-content\/uploads\/2023\/04\/Eleis\u00a9photo911-18-1024x683.jpg 1024w, https:\/\/www.photo911.fr\/wp-content\/uploads\/2023\/04\/Eleis\u00a9photo911-18-300x200.jpg 300w, https:\/\/www.photo911.fr\/wp-content\/uploads\/2023\/04\/Eleis\u00a9photo911-18-768x512.jpg 768w, https:\/\/www.photo911.fr\/wp-content\/uploads\/2023\/04\/Eleis\u00a9photo911-18.jpg 1500w\" sizes=\"(max-width: 800px) 100vw, 800px\" \/>\t\t\t\t\t\t\t\t\t\t\t\t\t\t\t<\/div>\n\t\t\t\t<\/div>\n\t\t\t\t\t<\/div>\n\t\t<\/div>\n\t\t\t\t\t<\/div>\n\t\t<\/section>\n\t\t\t\t<\/div>\n\t\t","protected":false},"excerpt":{"rendered":"<p>Choosing your first camera can be a daunting task, especially for those with little experience of photography.  <\/p>\n","protected":false},"author":3,"featured_media":29104,"comment_status":"closed","ping_status":"open","sticky":false,"template":"","format":"standard","meta":{"_acf_changed":false,"footnotes":""},"categories":[100,98,97,99],"tags":[],"class_list":["post-29737","post","type-post","status-publish","format-standard","has-post-thumbnail","hentry","category-photo-tips","category-photographer-normandy","category-photographer-calvados","category-studio-news"],"acf":[],"yoast_head":"<!-- This site is optimized with the Yoast SEO plugin v27.4 - https:\/\/yoast.com\/product\/yoast-seo-wordpress\/ -->\n<title>Farewell to Generic Image Banks - Photographe professionnel \u00e0 Caen en Normandie<\/title>\n<meta name=\"description\" content=\"Farewell to Generic Image Banks: The Era of Authenticity in Web Design\" \/>\n<meta name=\"robots\" content=\"index, follow, max-snippet:-1, max-image-preview:large, max-video-preview:-1\" \/>\n<link rel=\"canonical\" href=\"https:\/\/www.photo911.fr\/en\/farewell-to-generic-image-banks\/\" \/>\n<meta property=\"og:locale\" content=\"en_US\" \/>\n<meta property=\"og:type\" content=\"article\" \/>\n<meta property=\"og:title\" content=\"Farewell to Generic Image Banks - Photographe professionnel \u00e0 Caen en Normandie\" \/>\n<meta property=\"og:description\" content=\"Farewell to Generic Image Banks: The Era of Authenticity in Web Design\" \/>\n<meta property=\"og:url\" content=\"https:\/\/www.photo911.fr\/en\/farewell-to-generic-image-banks\/\" \/>\n<meta property=\"og:site_name\" content=\"Photographe professionnel \u00e0 Caen en Normandie\" \/>\n<meta property=\"article:published_time\" content=\"2024-02-06T10:03:12+00:00\" \/>\n<meta property=\"article:modified_time\" content=\"2024-05-22T13:57:20+00:00\" \/>\n<meta property=\"og:image\" content=\"https:\/\/www.photo911.fr\/wp-content\/uploads\/2024\/02\/creation-site-internet-eleis-scaled.jpg\" \/>\n\t<meta property=\"og:image:width\" content=\"2560\" \/>\n\t<meta property=\"og:image:height\" content=\"1707\" \/>\n\t<meta property=\"og:image:type\" content=\"image\/jpeg\" \/>\n<meta name=\"author\" content=\"Damien\" \/>\n<meta name=\"twitter:card\" content=\"summary_large_image\" \/>\n<meta name=\"twitter:label1\" content=\"Written by\" \/>\n\t<meta name=\"twitter:data1\" content=\"Damien\" \/>\n\t<meta name=\"twitter:label2\" content=\"Est. reading time\" \/>\n\t<meta name=\"twitter:data2\" content=\"1 minute\" \/>\n<script type=\"application\/ld+json\" class=\"yoast-schema-graph\">{\"@context\":\"https:\\\/\\\/schema.org\",\"@graph\":[{\"@type\":\"Article\",\"@id\":\"https:\\\/\\\/www.photo911.fr\\\/en\\\/farewell-to-generic-image-banks\\\/#article\",\"isPartOf\":{\"@id\":\"https:\\\/\\\/www.photo911.fr\\\/en\\\/farewell-to-generic-image-banks\\\/\"},\"author\":{\"name\":\"Damien\",\"@id\":\"https:\\\/\\\/www.photo911.fr\\\/en\\\/#\\\/schema\\\/person\\\/2da01592e8fc8b924c2518841105f499\"},\"headline\":\"Farewell to Generic Image Banks\",\"datePublished\":\"2024-02-06T10:03:12+00:00\",\"dateModified\":\"2024-05-22T13:57:20+00:00\",\"mainEntityOfPage\":{\"@id\":\"https:\\\/\\\/www.photo911.fr\\\/en\\\/farewell-to-generic-image-banks\\\/\"},\"wordCount\":296,\"publisher\":{\"@id\":\"https:\\\/\\\/www.photo911.fr\\\/en\\\/#organization\"},\"image\":{\"@id\":\"https:\\\/\\\/www.photo911.fr\\\/en\\\/farewell-to-generic-image-banks\\\/#primaryimage\"},\"thumbnailUrl\":\"https:\\\/\\\/www.photo911.fr\\\/wp-content\\\/uploads\\\/2024\\\/02\\\/creation-site-internet-eleis-scaled.jpg\",\"articleSection\":[\"Photo tips\",\"photographer normandy\",\"photographer-calvados\",\"Studio news\"],\"inLanguage\":\"en-US\"},{\"@type\":\"WebPage\",\"@id\":\"https:\\\/\\\/www.photo911.fr\\\/en\\\/farewell-to-generic-image-banks\\\/\",\"url\":\"https:\\\/\\\/www.photo911.fr\\\/en\\\/farewell-to-generic-image-banks\\\/\",\"name\":\"Farewell to Generic Image Banks - Photographe professionnel \u00e0 Caen en Normandie\",\"isPartOf\":{\"@id\":\"https:\\\/\\\/www.photo911.fr\\\/en\\\/#website\"},\"primaryImageOfPage\":{\"@id\":\"https:\\\/\\\/www.photo911.fr\\\/en\\\/farewell-to-generic-image-banks\\\/#primaryimage\"},\"image\":{\"@id\":\"https:\\\/\\\/www.photo911.fr\\\/en\\\/farewell-to-generic-image-banks\\\/#primaryimage\"},\"thumbnailUrl\":\"https:\\\/\\\/www.photo911.fr\\\/wp-content\\\/uploads\\\/2024\\\/02\\\/creation-site-internet-eleis-scaled.jpg\",\"datePublished\":\"2024-02-06T10:03:12+00:00\",\"dateModified\":\"2024-05-22T13:57:20+00:00\",\"description\":\"Farewell to Generic Image Banks: The Era of Authenticity in Web Design\",\"breadcrumb\":{\"@id\":\"https:\\\/\\\/www.photo911.fr\\\/en\\\/farewell-to-generic-image-banks\\\/#breadcrumb\"},\"inLanguage\":\"en-US\",\"potentialAction\":[{\"@type\":\"ReadAction\",\"target\":[\"https:\\\/\\\/www.photo911.fr\\\/en\\\/farewell-to-generic-image-banks\\\/\"]}]},{\"@type\":\"ImageObject\",\"inLanguage\":\"en-US\",\"@id\":\"https:\\\/\\\/www.photo911.fr\\\/en\\\/farewell-to-generic-image-banks\\\/#primaryimage\",\"url\":\"https:\\\/\\\/www.photo911.fr\\\/wp-content\\\/uploads\\\/2024\\\/02\\\/creation-site-internet-eleis-scaled.jpg\",\"contentUrl\":\"https:\\\/\\\/www.photo911.fr\\\/wp-content\\\/uploads\\\/2024\\\/02\\\/creation-site-internet-eleis-scaled.jpg\",\"width\":2560,\"height\":1707},{\"@type\":\"BreadcrumbList\",\"@id\":\"https:\\\/\\\/www.photo911.fr\\\/en\\\/farewell-to-generic-image-banks\\\/#breadcrumb\",\"itemListElement\":[{\"@type\":\"ListItem\",\"position\":1,\"name\":\"Accueil\",\"item\":\"https:\\\/\\\/www.photo911.fr\\\/en\\\/\"},{\"@type\":\"ListItem\",\"position\":2,\"name\":\"Farewell to Generic Image Banks\"}]},{\"@type\":\"WebSite\",\"@id\":\"https:\\\/\\\/www.photo911.fr\\\/en\\\/#website\",\"url\":\"https:\\\/\\\/www.photo911.fr\\\/en\\\/\",\"name\":\"Photographe professionnel \u00e0 Caen en Normandie\",\"description\":\"Photographe \u00e0 Caen, sp\u00e9cialis\u00e9 dans la photographie pour entreprises, le portrait, la photographie de packshot la photographie d&#039;architecture\",\"publisher\":{\"@id\":\"https:\\\/\\\/www.photo911.fr\\\/en\\\/#organization\"},\"potentialAction\":[{\"@type\":\"SearchAction\",\"target\":{\"@type\":\"EntryPoint\",\"urlTemplate\":\"https:\\\/\\\/www.photo911.fr\\\/en\\\/?s={search_term_string}\"},\"query-input\":{\"@type\":\"PropertyValueSpecification\",\"valueRequired\":true,\"valueName\":\"search_term_string\"}}],\"inLanguage\":\"en-US\"},{\"@type\":\"Organization\",\"@id\":\"https:\\\/\\\/www.photo911.fr\\\/en\\\/#organization\",\"name\":\"Photographe professionnel \u00e0 Caen en Normandie\",\"url\":\"https:\\\/\\\/www.photo911.fr\\\/en\\\/\",\"logo\":{\"@type\":\"ImageObject\",\"inLanguage\":\"en-US\",\"@id\":\"https:\\\/\\\/www.photo911.fr\\\/en\\\/#\\\/schema\\\/logo\\\/image\\\/\",\"url\":\"https:\\\/\\\/www.photo911.fr\\\/wp-content\\\/uploads\\\/2022\\\/01\\\/Photo911-photographe-caen.svg\",\"contentUrl\":\"https:\\\/\\\/www.photo911.fr\\\/wp-content\\\/uploads\\\/2022\\\/01\\\/Photo911-photographe-caen.svg\",\"caption\":\"Photographe professionnel \u00e0 Caen en Normandie\"},\"image\":{\"@id\":\"https:\\\/\\\/www.photo911.fr\\\/en\\\/#\\\/schema\\\/logo\\\/image\\\/\"}},{\"@type\":\"Person\",\"@id\":\"https:\\\/\\\/www.photo911.fr\\\/en\\\/#\\\/schema\\\/person\\\/2da01592e8fc8b924c2518841105f499\",\"name\":\"Damien\",\"image\":{\"@type\":\"ImageObject\",\"inLanguage\":\"en-US\",\"@id\":\"https:\\\/\\\/secure.gravatar.com\\\/avatar\\\/83e8f144c46faf580909acdc6a56c682bf1f107522e3393d9a02074fe6047073?s=96&d=mm&r=g\",\"url\":\"https:\\\/\\\/secure.gravatar.com\\\/avatar\\\/83e8f144c46faf580909acdc6a56c682bf1f107522e3393d9a02074fe6047073?s=96&d=mm&r=g\",\"contentUrl\":\"https:\\\/\\\/secure.gravatar.com\\\/avatar\\\/83e8f144c46faf580909acdc6a56c682bf1f107522e3393d9a02074fe6047073?s=96&d=mm&r=g\",\"caption\":\"Damien\"},\"url\":\"https:\\\/\\\/www.photo911.fr\\\/en\\\/author\\\/photo9111729518\\\/\"}]}<\/script>\n<!-- \/ Yoast SEO plugin. -->","yoast_head_json":{"title":"Farewell to Generic Image Banks - Photographe professionnel \u00e0 Caen en Normandie","description":"Farewell to Generic Image Banks: The Era of Authenticity in Web Design","robots":{"index":"index","follow":"follow","max-snippet":"max-snippet:-1","max-image-preview":"max-image-preview:large","max-video-preview":"max-video-preview:-1"},"canonical":"https:\/\/www.photo911.fr\/en\/farewell-to-generic-image-banks\/","og_locale":"en_US","og_type":"article","og_title":"Farewell to Generic Image Banks - Photographe professionnel \u00e0 Caen en Normandie","og_description":"Farewell to Generic Image Banks: The Era of Authenticity in Web Design","og_url":"https:\/\/www.photo911.fr\/en\/farewell-to-generic-image-banks\/","og_site_name":"Photographe professionnel \u00e0 Caen en Normandie","article_published_time":"2024-02-06T10:03:12+00:00","article_modified_time":"2024-05-22T13:57:20+00:00","og_image":[{"width":2560,"height":1707,"url":"https:\/\/www.photo911.fr\/wp-content\/uploads\/2024\/02\/creation-site-internet-eleis-scaled.jpg","type":"image\/jpeg"}],"author":"Damien","twitter_card":"summary_large_image","twitter_misc":{"Written by":"Damien","Est. reading time":"1 minute"},"schema":{"@context":"https:\/\/schema.org","@graph":[{"@type":"Article","@id":"https:\/\/www.photo911.fr\/en\/farewell-to-generic-image-banks\/#article","isPartOf":{"@id":"https:\/\/www.photo911.fr\/en\/farewell-to-generic-image-banks\/"},"author":{"name":"Damien","@id":"https:\/\/www.photo911.fr\/en\/#\/schema\/person\/2da01592e8fc8b924c2518841105f499"},"headline":"Farewell to Generic Image Banks","datePublished":"2024-02-06T10:03:12+00:00","dateModified":"2024-05-22T13:57:20+00:00","mainEntityOfPage":{"@id":"https:\/\/www.photo911.fr\/en\/farewell-to-generic-image-banks\/"},"wordCount":296,"publisher":{"@id":"https:\/\/www.photo911.fr\/en\/#organization"},"image":{"@id":"https:\/\/www.photo911.fr\/en\/farewell-to-generic-image-banks\/#primaryimage"},"thumbnailUrl":"https:\/\/www.photo911.fr\/wp-content\/uploads\/2024\/02\/creation-site-internet-eleis-scaled.jpg","articleSection":["Photo tips","photographer normandy","photographer-calvados","Studio news"],"inLanguage":"en-US"},{"@type":"WebPage","@id":"https:\/\/www.photo911.fr\/en\/farewell-to-generic-image-banks\/","url":"https:\/\/www.photo911.fr\/en\/farewell-to-generic-image-banks\/","name":"Farewell to Generic Image Banks - Photographe professionnel \u00e0 Caen en Normandie","isPartOf":{"@id":"https:\/\/www.photo911.fr\/en\/#website"},"primaryImageOfPage":{"@id":"https:\/\/www.photo911.fr\/en\/farewell-to-generic-image-banks\/#primaryimage"},"image":{"@id":"https:\/\/www.photo911.fr\/en\/farewell-to-generic-image-banks\/#primaryimage"},"thumbnailUrl":"https:\/\/www.photo911.fr\/wp-content\/uploads\/2024\/02\/creation-site-internet-eleis-scaled.jpg","datePublished":"2024-02-06T10:03:12+00:00","dateModified":"2024-05-22T13:57:20+00:00","description":"Farewell to Generic Image Banks: The Era of Authenticity in Web Design","breadcrumb":{"@id":"https:\/\/www.photo911.fr\/en\/farewell-to-generic-image-banks\/#breadcrumb"},"inLanguage":"en-US","potentialAction":[{"@type":"ReadAction","target":["https:\/\/www.photo911.fr\/en\/farewell-to-generic-image-banks\/"]}]},{"@type":"ImageObject","inLanguage":"en-US","@id":"https:\/\/www.photo911.fr\/en\/farewell-to-generic-image-banks\/#primaryimage","url":"https:\/\/www.photo911.fr\/wp-content\/uploads\/2024\/02\/creation-site-internet-eleis-scaled.jpg","contentUrl":"https:\/\/www.photo911.fr\/wp-content\/uploads\/2024\/02\/creation-site-internet-eleis-scaled.jpg","width":2560,"height":1707},{"@type":"BreadcrumbList","@id":"https:\/\/www.photo911.fr\/en\/farewell-to-generic-image-banks\/#breadcrumb","itemListElement":[{"@type":"ListItem","position":1,"name":"Accueil","item":"https:\/\/www.photo911.fr\/en\/"},{"@type":"ListItem","position":2,"name":"Farewell to Generic Image Banks"}]},{"@type":"WebSite","@id":"https:\/\/www.photo911.fr\/en\/#website","url":"https:\/\/www.photo911.fr\/en\/","name":"Photographe professionnel \u00e0 Caen en Normandie","description":"Photographe \u00e0 Caen, sp\u00e9cialis\u00e9 dans la photographie pour entreprises, le portrait, la photographie de packshot la photographie d&#039;architecture","publisher":{"@id":"https:\/\/www.photo911.fr\/en\/#organization"},"potentialAction":[{"@type":"SearchAction","target":{"@type":"EntryPoint","urlTemplate":"https:\/\/www.photo911.fr\/en\/?s={search_term_string}"},"query-input":{"@type":"PropertyValueSpecification","valueRequired":true,"valueName":"search_term_string"}}],"inLanguage":"en-US"},{"@type":"Organization","@id":"https:\/\/www.photo911.fr\/en\/#organization","name":"Photographe professionnel \u00e0 Caen en Normandie","url":"https:\/\/www.photo911.fr\/en\/","logo":{"@type":"ImageObject","inLanguage":"en-US","@id":"https:\/\/www.photo911.fr\/en\/#\/schema\/logo\/image\/","url":"https:\/\/www.photo911.fr\/wp-content\/uploads\/2022\/01\/Photo911-photographe-caen.svg","contentUrl":"https:\/\/www.photo911.fr\/wp-content\/uploads\/2022\/01\/Photo911-photographe-caen.svg","caption":"Photographe professionnel \u00e0 Caen en Normandie"},"image":{"@id":"https:\/\/www.photo911.fr\/en\/#\/schema\/logo\/image\/"}},{"@type":"Person","@id":"https:\/\/www.photo911.fr\/en\/#\/schema\/person\/2da01592e8fc8b924c2518841105f499","name":"Damien","image":{"@type":"ImageObject","inLanguage":"en-US","@id":"https:\/\/secure.gravatar.com\/avatar\/83e8f144c46faf580909acdc6a56c682bf1f107522e3393d9a02074fe6047073?s=96&d=mm&r=g","url":"https:\/\/secure.gravatar.com\/avatar\/83e8f144c46faf580909acdc6a56c682bf1f107522e3393d9a02074fe6047073?s=96&d=mm&r=g","contentUrl":"https:\/\/secure.gravatar.com\/avatar\/83e8f144c46faf580909acdc6a56c682bf1f107522e3393d9a02074fe6047073?s=96&d=mm&r=g","caption":"Damien"},"url":"https:\/\/www.photo911.fr\/en\/author\/photo9111729518\/"}]}},"_links":{"self":[{"href":"https:\/\/www.photo911.fr\/en\/wp-json\/wp\/v2\/posts\/29737","targetHints":{"allow":["GET"]}}],"collection":[{"href":"https:\/\/www.photo911.fr\/en\/wp-json\/wp\/v2\/posts"}],"about":[{"href":"https:\/\/www.photo911.fr\/en\/wp-json\/wp\/v2\/types\/post"}],"author":[{"embeddable":true,"href":"https:\/\/www.photo911.fr\/en\/wp-json\/wp\/v2\/users\/3"}],"replies":[{"embeddable":true,"href":"https:\/\/www.photo911.fr\/en\/wp-json\/wp\/v2\/comments?post=29737"}],"version-history":[{"count":2,"href":"https:\/\/www.photo911.fr\/en\/wp-json\/wp\/v2\/posts\/29737\/revisions"}],"predecessor-version":[{"id":29741,"href":"https:\/\/www.photo911.fr\/en\/wp-json\/wp\/v2\/posts\/29737\/revisions\/29741"}],"wp:featuredmedia":[{"embeddable":true,"href":"https:\/\/www.photo911.fr\/en\/wp-json\/wp\/v2\/media\/29104"}],"wp:attachment":[{"href":"https:\/\/www.photo911.fr\/en\/wp-json\/wp\/v2\/media?parent=29737"}],"wp:term":[{"taxonomy":"category","embeddable":true,"href":"https:\/\/www.photo911.fr\/en\/wp-json\/wp\/v2\/categories?post=29737"},{"taxonomy":"post_tag","embeddable":true,"href":"https:\/\/www.photo911.fr\/en\/wp-json\/wp\/v2\/tags?post=29737"}],"curies":[{"name":"wp","href":"https:\/\/api.w.org\/{rel}","templated":true}]}}