{"id":29852,"date":"2021-09-11T18:55:47","date_gmt":"2021-09-11T16:55:47","guid":{"rendered":"https:\/\/www.photo911.fr\/quimper-at-sunrise\/"},"modified":"2021-09-11T18:55:47","modified_gmt":"2021-09-11T16:55:47","slug":"quimper-at-sunrise","status":"publish","type":"post","link":"https:\/\/www.photo911.fr\/en\/quimper-at-sunrise\/","title":{"rendered":"Quimper at sunrise"},"content":{"rendered":"<p>Once upon a time in <a class=\"notranslate\" tabindex=\"0\" href=\"https:\/\/www.instagram.com\/quimper.bzh\/\">@quimper.bzh<\/a> <a class=\" xil3i\" tabindex=\"0\" href=\"https:\/\/www.instagram.com\/explore\/tags\/quimper\/\">#quimper<\/a> <a class=\" xil3i\" tabindex=\"0\" href=\"https:\/\/www.instagram.com\/explore\/tags\/bretagne\/\">#bretagne<\/a> <a class=\" xil3i\" tabindex=\"0\" href=\"https:\/\/www.instagram.com\/explore\/tags\/bretagnetourisme\/\">#bretagnetourisme<\/a> <a class=\" xil3i\" tabindex=\"0\" href=\"https:\/\/www.instagram.com\/explore\/tags\/paysage\/\">#paysage<\/a> <a class=\" xil3i\" tabindex=\"0\" href=\"https:\/\/www.instagram.com\/explore\/tags\/toutcommenceenfinistere\/\">#toutcommenceenfinistere<\/a> <a class=\" xil3i\" tabindex=\"0\" href=\"https:\/\/www.instagram.com\/explore\/tags\/igersbretagne\/\">#igersbretagne<\/a> <a class=\" xil3i\" tabindex=\"0\" href=\"https:\/\/www.instagram.com\/explore\/tags\/sony\/\">#sony<\/a> <a class=\" xil3i\" tabindex=\"0\" href=\"https:\/\/www.instagram.com\/explore\/tags\/landscape\/\">#landscape<\/a> <a class=\"notranslate\" tabindex=\"0\" href=\"https:\/\/www.instagram.com\/officetourismequimper\/\">@officetourismequimper<\/a><\/p>\n<div class=\"wDYxhc\" lang=\"fr-FR\" data-md=\"61\">\n<div class=\"LGOjhe\" role=\"heading\" data-attrid=\"wa:\/description\" aria-level=\"3\" data-hveid=\"CBAQAA\"><span class=\"ILfuVd\"><span class=\"hgKElc\">A <b>gourmet town with lively shopping streets<\/b>, the <b>cultural capital of Brittany<\/b> and winner <b>of the Grand Prix National du Fleurissement<\/b>, <b>Quimper lies at the heart of<\/b> Cornouaille and its authentic, unspoilt seascapes.<\/span><\/span><\/div>\n<\/div>\n<p><a href=\"https:\/\/www.quimper.bzh\" target=\"_blank\" rel=\"noopener\">https:\/\/www.quimper.bzh<\/a><\/p>\n<p><img fetchpriority=\"high\" decoding=\"async\" class=\"alignnone size-full wp-image-14356\" src=\"https:\/\/www.photo911.fr\/wp-content\/uploads\/2021\/09\/quimper.jpg\" alt=\"\" width=\"2000\" height=\"1793\" srcset=\"https:\/\/www.photo911.fr\/wp-content\/uploads\/2021\/09\/quimper.jpg 2000w, https:\/\/www.photo911.fr\/wp-content\/uploads\/2021\/09\/quimper-300x269.jpg 300w, https:\/\/www.photo911.fr\/wp-content\/uploads\/2021\/09\/quimper-1024x918.jpg 1024w, https:\/\/www.photo911.fr\/wp-content\/uploads\/2021\/09\/quimper-768x689.jpg 768w, https:\/\/www.photo911.fr\/wp-content\/uploads\/2021\/09\/quimper-1536x1377.jpg 1536w, https:\/\/www.photo911.fr\/wp-content\/uploads\/2021\/09\/quimper-1400x1255.jpg 1400w, https:\/\/www.photo911.fr\/wp-content\/uploads\/2021\/09\/quimper-800x717.jpg 800w\" sizes=\"(max-width: 2000px) 100vw, 2000px\" \/><\/p>\n","protected":false},"excerpt":{"rendered":"<p>Once upon a time in @quimper.bzh #quimper #bretagne #bretagnetourisme #paysage #toutcommenceenfinistere #igersbretagne #sony #landscape @officetourismequimper A gourmet town with lively shopping streets, the cultural capital of Brittany and winner of the Grand Prix National du Fleurissement, Quimper lies at the heart of Cornouaille and its authentic, unspoilt seascapes. https:\/\/www.quimper.bzh<\/p>\n","protected":false},"author":3,"featured_media":25213,"comment_status":"closed","ping_status":"open","sticky":false,"template":"","format":"standard","meta":{"_acf_changed":false,"footnotes":""},"categories":[104],"tags":[],"class_list":["post-29852","post","type-post","status-publish","format-standard","has-post-thumbnail","hentry","category-landscape-photos"],"acf":[],"yoast_head":"<!-- This site is optimized with the Yoast SEO plugin v27.3 - https:\/\/yoast.com\/product\/yoast-seo-wordpress\/ -->\n<title>Quimper at sunrise - Photographe professionnel \u00e0 Caen en Normandie<\/title>\n<meta name=\"description\" content=\"A gourmet town with lively shopping streets, the cultural capital of Brittany and winner of the Grand Prix National du Fleurissement, Quimper...\" \/>\n<meta name=\"robots\" content=\"index, follow, max-snippet:-1, max-image-preview:large, max-video-preview:-1\" \/>\n<link rel=\"canonical\" href=\"https:\/\/www.photo911.fr\/en\/quimper-at-sunrise\/\" \/>\n<meta property=\"og:locale\" content=\"en_US\" \/>\n<meta property=\"og:type\" content=\"article\" \/>\n<meta property=\"og:title\" content=\"Quimper at sunrise - Photographe professionnel \u00e0 Caen en Normandie\" \/>\n<meta property=\"og:description\" content=\"A gourmet town with lively shopping streets, the cultural capital of Brittany and winner of the Grand Prix National du Fleurissement, Quimper...\" \/>\n<meta property=\"og:url\" content=\"https:\/\/www.photo911.fr\/en\/quimper-at-sunrise\/\" \/>\n<meta property=\"og:site_name\" content=\"Photographe professionnel \u00e0 Caen en Normandie\" \/>\n<meta property=\"article:published_time\" content=\"2021-09-11T16:55:47+00:00\" \/>\n<meta property=\"og:image\" content=\"https:\/\/www.photo911.fr\/wp-content\/uploads\/2021\/09\/quimper.jpg\" \/>\n\t<meta property=\"og:image:width\" content=\"2000\" \/>\n\t<meta property=\"og:image:height\" content=\"1793\" \/>\n\t<meta property=\"og:image:type\" content=\"image\/jpeg\" \/>\n<meta name=\"author\" content=\"Damien\" \/>\n<meta name=\"twitter:card\" content=\"summary_large_image\" \/>\n<meta name=\"twitter:label1\" content=\"Written by\" \/>\n\t<meta name=\"twitter:data1\" content=\"Damien\" \/>\n<script type=\"application\/ld+json\" class=\"yoast-schema-graph\">{\"@context\":\"https:\\\/\\\/schema.org\",\"@graph\":[{\"@type\":\"Article\",\"@id\":\"https:\\\/\\\/www.photo911.fr\\\/en\\\/quimper-at-sunrise\\\/#article\",\"isPartOf\":{\"@id\":\"https:\\\/\\\/www.photo911.fr\\\/en\\\/quimper-at-sunrise\\\/\"},\"author\":{\"name\":\"Damien\",\"@id\":\"http:\\\/\\\/www.photo911.fr\\\/en\\\/#\\\/schema\\\/person\\\/2da01592e8fc8b924c2518841105f499\"},\"headline\":\"Quimper at sunrise\",\"datePublished\":\"2021-09-11T16:55:47+00:00\",\"mainEntityOfPage\":{\"@id\":\"https:\\\/\\\/www.photo911.fr\\\/en\\\/quimper-at-sunrise\\\/\"},\"wordCount\":56,\"publisher\":{\"@id\":\"http:\\\/\\\/www.photo911.fr\\\/en\\\/#organization\"},\"image\":{\"@id\":\"https:\\\/\\\/www.photo911.fr\\\/en\\\/quimper-at-sunrise\\\/#primaryimage\"},\"thumbnailUrl\":\"https:\\\/\\\/www.photo911.fr\\\/wp-content\\\/uploads\\\/2021\\\/09\\\/quimper.jpg\",\"articleSection\":[\"Landscape photos\"],\"inLanguage\":\"en-US\"},{\"@type\":\"WebPage\",\"@id\":\"https:\\\/\\\/www.photo911.fr\\\/en\\\/quimper-at-sunrise\\\/\",\"url\":\"https:\\\/\\\/www.photo911.fr\\\/en\\\/quimper-at-sunrise\\\/\",\"name\":\"Quimper at sunrise - Photographe professionnel \u00e0 Caen en Normandie\",\"isPartOf\":{\"@id\":\"http:\\\/\\\/www.photo911.fr\\\/en\\\/#website\"},\"primaryImageOfPage\":{\"@id\":\"https:\\\/\\\/www.photo911.fr\\\/en\\\/quimper-at-sunrise\\\/#primaryimage\"},\"image\":{\"@id\":\"https:\\\/\\\/www.photo911.fr\\\/en\\\/quimper-at-sunrise\\\/#primaryimage\"},\"thumbnailUrl\":\"https:\\\/\\\/www.photo911.fr\\\/wp-content\\\/uploads\\\/2021\\\/09\\\/quimper.jpg\",\"datePublished\":\"2021-09-11T16:55:47+00:00\",\"description\":\"A gourmet town with lively shopping streets, the cultural capital of Brittany and winner of the Grand Prix National du Fleurissement, Quimper...\",\"breadcrumb\":{\"@id\":\"https:\\\/\\\/www.photo911.fr\\\/en\\\/quimper-at-sunrise\\\/#breadcrumb\"},\"inLanguage\":\"en-US\",\"potentialAction\":[{\"@type\":\"ReadAction\",\"target\":[\"https:\\\/\\\/www.photo911.fr\\\/en\\\/quimper-at-sunrise\\\/\"]}]},{\"@type\":\"ImageObject\",\"inLanguage\":\"en-US\",\"@id\":\"https:\\\/\\\/www.photo911.fr\\\/en\\\/quimper-at-sunrise\\\/#primaryimage\",\"url\":\"https:\\\/\\\/www.photo911.fr\\\/wp-content\\\/uploads\\\/2021\\\/09\\\/quimper.jpg\",\"contentUrl\":\"https:\\\/\\\/www.photo911.fr\\\/wp-content\\\/uploads\\\/2021\\\/09\\\/quimper.jpg\",\"width\":2000,\"height\":1793},{\"@type\":\"BreadcrumbList\",\"@id\":\"https:\\\/\\\/www.photo911.fr\\\/en\\\/quimper-at-sunrise\\\/#breadcrumb\",\"itemListElement\":[{\"@type\":\"ListItem\",\"position\":1,\"name\":\"Accueil\",\"item\":\"https:\\\/\\\/www.photo911.fr\\\/en\\\/\"},{\"@type\":\"ListItem\",\"position\":2,\"name\":\"Quimper at sunrise\"}]},{\"@type\":\"WebSite\",\"@id\":\"http:\\\/\\\/www.photo911.fr\\\/en\\\/#website\",\"url\":\"http:\\\/\\\/www.photo911.fr\\\/en\\\/\",\"name\":\"Photographe professionnel \u00e0 Caen en Normandie\",\"description\":\"Photographe \u00e0 Caen, sp\u00e9cialis\u00e9 dans la photographie pour entreprises, le portrait, la photographie de packshot la photographie d&#039;architecture\",\"publisher\":{\"@id\":\"http:\\\/\\\/www.photo911.fr\\\/en\\\/#organization\"},\"potentialAction\":[{\"@type\":\"SearchAction\",\"target\":{\"@type\":\"EntryPoint\",\"urlTemplate\":\"http:\\\/\\\/www.photo911.fr\\\/en\\\/?s={search_term_string}\"},\"query-input\":{\"@type\":\"PropertyValueSpecification\",\"valueRequired\":true,\"valueName\":\"search_term_string\"}}],\"inLanguage\":\"en-US\"},{\"@type\":\"Organization\",\"@id\":\"http:\\\/\\\/www.photo911.fr\\\/en\\\/#organization\",\"name\":\"Photographe professionnel \u00e0 Caen en Normandie\",\"url\":\"http:\\\/\\\/www.photo911.fr\\\/en\\\/\",\"logo\":{\"@type\":\"ImageObject\",\"inLanguage\":\"en-US\",\"@id\":\"http:\\\/\\\/www.photo911.fr\\\/en\\\/#\\\/schema\\\/logo\\\/image\\\/\",\"url\":\"https:\\\/\\\/www.photo911.fr\\\/wp-content\\\/uploads\\\/2022\\\/01\\\/Photo911-photographe-caen.svg\",\"contentUrl\":\"https:\\\/\\\/www.photo911.fr\\\/wp-content\\\/uploads\\\/2022\\\/01\\\/Photo911-photographe-caen.svg\",\"caption\":\"Photographe professionnel \u00e0 Caen en Normandie\"},\"image\":{\"@id\":\"http:\\\/\\\/www.photo911.fr\\\/en\\\/#\\\/schema\\\/logo\\\/image\\\/\"}},{\"@type\":\"Person\",\"@id\":\"http:\\\/\\\/www.photo911.fr\\\/en\\\/#\\\/schema\\\/person\\\/2da01592e8fc8b924c2518841105f499\",\"name\":\"Damien\",\"image\":{\"@type\":\"ImageObject\",\"inLanguage\":\"en-US\",\"@id\":\"https:\\\/\\\/secure.gravatar.com\\\/avatar\\\/83e8f144c46faf580909acdc6a56c682bf1f107522e3393d9a02074fe6047073?s=96&d=mm&r=g\",\"url\":\"https:\\\/\\\/secure.gravatar.com\\\/avatar\\\/83e8f144c46faf580909acdc6a56c682bf1f107522e3393d9a02074fe6047073?s=96&d=mm&r=g\",\"contentUrl\":\"https:\\\/\\\/secure.gravatar.com\\\/avatar\\\/83e8f144c46faf580909acdc6a56c682bf1f107522e3393d9a02074fe6047073?s=96&d=mm&r=g\",\"caption\":\"Damien\"},\"url\":\"https:\\\/\\\/www.photo911.fr\\\/en\\\/author\\\/photo9111729518\\\/\"}]}<\/script>\n<!-- \/ Yoast SEO plugin. -->","yoast_head_json":{"title":"Quimper at sunrise - Photographe professionnel \u00e0 Caen en Normandie","description":"A gourmet town with lively shopping streets, the cultural capital of Brittany and winner of the Grand Prix National du Fleurissement, Quimper...","robots":{"index":"index","follow":"follow","max-snippet":"max-snippet:-1","max-image-preview":"max-image-preview:large","max-video-preview":"max-video-preview:-1"},"canonical":"https:\/\/www.photo911.fr\/en\/quimper-at-sunrise\/","og_locale":"en_US","og_type":"article","og_title":"Quimper at sunrise - Photographe professionnel \u00e0 Caen en Normandie","og_description":"A gourmet town with lively shopping streets, the cultural capital of Brittany and winner of the Grand Prix National du Fleurissement, Quimper...","og_url":"https:\/\/www.photo911.fr\/en\/quimper-at-sunrise\/","og_site_name":"Photographe professionnel \u00e0 Caen en Normandie","article_published_time":"2021-09-11T16:55:47+00:00","og_image":[{"width":2000,"height":1793,"url":"https:\/\/www.photo911.fr\/wp-content\/uploads\/2021\/09\/quimper.jpg","type":"image\/jpeg"}],"author":"Damien","twitter_card":"summary_large_image","twitter_misc":{"Written by":"Damien"},"schema":{"@context":"https:\/\/schema.org","@graph":[{"@type":"Article","@id":"https:\/\/www.photo911.fr\/en\/quimper-at-sunrise\/#article","isPartOf":{"@id":"https:\/\/www.photo911.fr\/en\/quimper-at-sunrise\/"},"author":{"name":"Damien","@id":"http:\/\/www.photo911.fr\/en\/#\/schema\/person\/2da01592e8fc8b924c2518841105f499"},"headline":"Quimper at sunrise","datePublished":"2021-09-11T16:55:47+00:00","mainEntityOfPage":{"@id":"https:\/\/www.photo911.fr\/en\/quimper-at-sunrise\/"},"wordCount":56,"publisher":{"@id":"http:\/\/www.photo911.fr\/en\/#organization"},"image":{"@id":"https:\/\/www.photo911.fr\/en\/quimper-at-sunrise\/#primaryimage"},"thumbnailUrl":"https:\/\/www.photo911.fr\/wp-content\/uploads\/2021\/09\/quimper.jpg","articleSection":["Landscape photos"],"inLanguage":"en-US"},{"@type":"WebPage","@id":"https:\/\/www.photo911.fr\/en\/quimper-at-sunrise\/","url":"https:\/\/www.photo911.fr\/en\/quimper-at-sunrise\/","name":"Quimper at sunrise - Photographe professionnel \u00e0 Caen en Normandie","isPartOf":{"@id":"http:\/\/www.photo911.fr\/en\/#website"},"primaryImageOfPage":{"@id":"https:\/\/www.photo911.fr\/en\/quimper-at-sunrise\/#primaryimage"},"image":{"@id":"https:\/\/www.photo911.fr\/en\/quimper-at-sunrise\/#primaryimage"},"thumbnailUrl":"https:\/\/www.photo911.fr\/wp-content\/uploads\/2021\/09\/quimper.jpg","datePublished":"2021-09-11T16:55:47+00:00","description":"A gourmet town with lively shopping streets, the cultural capital of Brittany and winner of the Grand Prix National du Fleurissement, Quimper...","breadcrumb":{"@id":"https:\/\/www.photo911.fr\/en\/quimper-at-sunrise\/#breadcrumb"},"inLanguage":"en-US","potentialAction":[{"@type":"ReadAction","target":["https:\/\/www.photo911.fr\/en\/quimper-at-sunrise\/"]}]},{"@type":"ImageObject","inLanguage":"en-US","@id":"https:\/\/www.photo911.fr\/en\/quimper-at-sunrise\/#primaryimage","url":"https:\/\/www.photo911.fr\/wp-content\/uploads\/2021\/09\/quimper.jpg","contentUrl":"https:\/\/www.photo911.fr\/wp-content\/uploads\/2021\/09\/quimper.jpg","width":2000,"height":1793},{"@type":"BreadcrumbList","@id":"https:\/\/www.photo911.fr\/en\/quimper-at-sunrise\/#breadcrumb","itemListElement":[{"@type":"ListItem","position":1,"name":"Accueil","item":"https:\/\/www.photo911.fr\/en\/"},{"@type":"ListItem","position":2,"name":"Quimper at sunrise"}]},{"@type":"WebSite","@id":"http:\/\/www.photo911.fr\/en\/#website","url":"http:\/\/www.photo911.fr\/en\/","name":"Photographe professionnel \u00e0 Caen en Normandie","description":"Photographe \u00e0 Caen, sp\u00e9cialis\u00e9 dans la photographie pour entreprises, le portrait, la photographie de packshot la photographie d&#039;architecture","publisher":{"@id":"http:\/\/www.photo911.fr\/en\/#organization"},"potentialAction":[{"@type":"SearchAction","target":{"@type":"EntryPoint","urlTemplate":"http:\/\/www.photo911.fr\/en\/?s={search_term_string}"},"query-input":{"@type":"PropertyValueSpecification","valueRequired":true,"valueName":"search_term_string"}}],"inLanguage":"en-US"},{"@type":"Organization","@id":"http:\/\/www.photo911.fr\/en\/#organization","name":"Photographe professionnel \u00e0 Caen en Normandie","url":"http:\/\/www.photo911.fr\/en\/","logo":{"@type":"ImageObject","inLanguage":"en-US","@id":"http:\/\/www.photo911.fr\/en\/#\/schema\/logo\/image\/","url":"https:\/\/www.photo911.fr\/wp-content\/uploads\/2022\/01\/Photo911-photographe-caen.svg","contentUrl":"https:\/\/www.photo911.fr\/wp-content\/uploads\/2022\/01\/Photo911-photographe-caen.svg","caption":"Photographe professionnel \u00e0 Caen en Normandie"},"image":{"@id":"http:\/\/www.photo911.fr\/en\/#\/schema\/logo\/image\/"}},{"@type":"Person","@id":"http:\/\/www.photo911.fr\/en\/#\/schema\/person\/2da01592e8fc8b924c2518841105f499","name":"Damien","image":{"@type":"ImageObject","inLanguage":"en-US","@id":"https:\/\/secure.gravatar.com\/avatar\/83e8f144c46faf580909acdc6a56c682bf1f107522e3393d9a02074fe6047073?s=96&d=mm&r=g","url":"https:\/\/secure.gravatar.com\/avatar\/83e8f144c46faf580909acdc6a56c682bf1f107522e3393d9a02074fe6047073?s=96&d=mm&r=g","contentUrl":"https:\/\/secure.gravatar.com\/avatar\/83e8f144c46faf580909acdc6a56c682bf1f107522e3393d9a02074fe6047073?s=96&d=mm&r=g","caption":"Damien"},"url":"https:\/\/www.photo911.fr\/en\/author\/photo9111729518\/"}]}},"_links":{"self":[{"href":"https:\/\/www.photo911.fr\/en\/wp-json\/wp\/v2\/posts\/29852","targetHints":{"allow":["GET"]}}],"collection":[{"href":"https:\/\/www.photo911.fr\/en\/wp-json\/wp\/v2\/posts"}],"about":[{"href":"https:\/\/www.photo911.fr\/en\/wp-json\/wp\/v2\/types\/post"}],"author":[{"embeddable":true,"href":"https:\/\/www.photo911.fr\/en\/wp-json\/wp\/v2\/users\/3"}],"replies":[{"embeddable":true,"href":"https:\/\/www.photo911.fr\/en\/wp-json\/wp\/v2\/comments?post=29852"}],"version-history":[{"count":0,"href":"https:\/\/www.photo911.fr\/en\/wp-json\/wp\/v2\/posts\/29852\/revisions"}],"wp:featuredmedia":[{"embeddable":true,"href":"https:\/\/www.photo911.fr\/en\/wp-json\/wp\/v2\/media\/25213"}],"wp:attachment":[{"href":"https:\/\/www.photo911.fr\/en\/wp-json\/wp\/v2\/media?parent=29852"}],"wp:term":[{"taxonomy":"category","embeddable":true,"href":"https:\/\/www.photo911.fr\/en\/wp-json\/wp\/v2\/categories?post=29852"},{"taxonomy":"post_tag","embeddable":true,"href":"https:\/\/www.photo911.fr\/en\/wp-json\/wp\/v2\/tags?post=29852"}],"curies":[{"name":"wp","href":"https:\/\/api.w.org\/{rel}","templated":true}]}}